{"id":1289,"date":"2024-07-10T17:19:29","date_gmt":"2024-07-10T17:19:29","guid":{"rendered":"https:\/\/coursupreme.org.gn\/dev01\/?p=1289"},"modified":"2024-07-27T21:59:39","modified_gmt":"2024-07-27T21:59:39","slug":"seminaire-de-renforcement-de-capacites","status":"publish","type":"post","link":"https:\/\/coursupreme.org.gn\/fr\/seminaire-de-renforcement-de-capacites\/","title":{"rendered":"S\u00e9minaire de renforcement de capacit\u00e9s sur les questions relatives aux contentieux constitutionnel et r\u00e9f\u00e9rendaire"},"content":{"rendered":"<p><strong>Cour Supr\u00eame&nbsp;: <\/strong>Dans le cadre de la promotion de la d\u00e9mocratie et de l\u2019\u00c9tat de droit, <strong>un&nbsp;S\u00e9minaire de renforcement de capacit\u00e9s sur les questions relatives aux contentieux constitutionnel et r\u00e9f\u00e9rendaire<\/strong> a d\u00e9marr\u00e9 ce lundi 24 juin 2024 dans un r\u00e9ceptif h\u00f4telier (Maison Blanche, pr\u00e9fecture de Coyah, situ\u00e9 \u00e0 50 kilom\u00e8tres de Conakry, r\u00e9unissant des magistrats, greffiers, et autres membres de la Cour supr\u00eame et des juridictions environnantes.<\/p>\n<p>Ce s\u00e9minaire de quatre jours s\u2019est d\u00e9roul\u00e9 du 24 au 27 juin 2024 sous l&#8217;\u00e9gide de la Cour Supr\u00eame, avec le soutien de ECES-PARD financ\u00e9 par l\u2019Union europ\u00e9enne, en partenariat avec l\u2019Organisation internationale de la Francophonie.<\/p>\n<p>Durant ces quatre jours, plusieurs questions ont \u00e9t\u00e9 d\u00e9battues \u00e0 savoir:<\/p>\n<ul>\n<li>Les Objectifs et m\u00e9thodologie de l\u2019atelier&nbsp;;<\/li>\n<li>La S\u00e9ance de Team Building&nbsp;;<\/li>\n<li>Le contr\u00f4le de constitutionnalit\u00e9 des lois : approche g\u00e9n\u00e9rale&nbsp;;<\/li>\n<li>Le contr\u00f4le de constitutionnalit\u00e9 a priori&nbsp;;<\/li>\n<li>Le contr\u00f4le de constitutionnalit\u00e9 a posteriori des lois&nbsp;;<\/li>\n<li>Le contr\u00f4le de constitutionnalit\u00e9 des conventions&nbsp;;<\/li>\n<li>Le contr\u00f4le de constitutionnalit\u00e9 des lois de r\u00e9vision constitutionnelle&nbsp;;<\/li>\n<li>Les m\u00e9thodes de raisonnement et les techniques de contr\u00f4le de constitutionnalit\u00e9&nbsp;;<\/li>\n<li>Les comp\u00e9tences consultatives du juge constitutionnel&nbsp;;<\/li>\n<li>La motivation des d\u00e9cisions du juge constitutionnel&nbsp;;<\/li>\n<li>L\u2019autorit\u00e9 de la chose jug\u00e9e : les effets et l\u2019ex\u00e9cution des d\u00e9cisions du juge constitutionnel&nbsp;;<\/li>\n<li>Le juge constitutionnel et la communication&nbsp;;<\/li>\n<li>Les sources du droit \u00e9lectoral ;<\/li>\n<li>Les principes g\u00e9n\u00e9raux du droit \u00e9lectoral&nbsp;;<\/li>\n<li>Les op\u00e9rations et les contentieux r\u00e9f\u00e9rendaires&nbsp;;<\/li>\n<li>Le contentieux de constitutionnalit\u00e9 des d\u00e9cisions de justice&nbsp;;<\/li>\n<\/ul>\n<p><img data-recalc-dims=\"1\" fetchpriority=\"high\" decoding=\"async\" class=\"alignnone wp-image-1290 size-large\" src=\"https:\/\/i0.wp.com\/coursupreme.org.gn\/dev01\/wp-content\/uploads\/2024\/07\/deltachat-2024-07-10-101348-2-1024x768.jpg?resize=1024%2C768&#038;ssl=1\" alt=\"S\u00e9minaire de renforcement de capacit\u00e9s sur les questions relatives aux contentieux constitutionnel et r\u00e9f\u00e9rendaire\" width=\"1024\" height=\"768\"><\/p>\n<p><strong><b>R\u00e9sultats Attendus<\/b><\/strong><\/p>\n<p>\u00c0 la cl\u00f4ture du s\u00e9minaire, les participants ont \u00e9t\u00e9 mieux \u00e9quip\u00e9s pour aborder les d\u00e9fis complexes li\u00e9s aux contentieux constitutionnel et r\u00e9f\u00e9rendaire dans leurs contextes respectifs. Les principaux r\u00e9sultats attendus sont, entre autres:<\/p>\n<ul>\n<li>Une meilleure compr\u00e9hension des principes juridiques&nbsp;; fondamentaux r\u00e9gissant les r\u00e9f\u00e9rendums et les contentieux constitutionnels&nbsp;;<\/li>\n<li>Le renforcement des comp\u00e9tences analytiques et d\u00e9cisionnelles n\u00e9cessaires pour traiter efficacement les litiges de nature constitutionnelle&nbsp;;<\/li>\n<li>Un r\u00e9seau renforc\u00e9 de professionnels et d&#8217;experts engag\u00e9s dans la promotion de la d\u00e9mocratie et de l&#8217;\u00c9tat de droit \u00e0 travers le monde.<\/li>\n<\/ul>\n<p>Ce s\u00e9minaire de renforcement des capacit\u00e9s sur les questions relatives aux contentieux constitutionnel et r\u00e9f\u00e9rendaire a \u00e9t\u00e9 un succ\u00e8s remarquable. Il a non seulement enrichi les connaissances des participants, mais a \u00e9galement stimul\u00e9 un dialogue constructif et interinstitutionnel essentiel \u00e0 la promotion de la bonne gouvernance et de la justice constitutionnelle. Ce s\u00e9minaire marque une \u00e9tape importante vers une meilleure compr\u00e9hension et une application renforc\u00e9e des principes d\u00e9mocratiques fondamentaux \u00e0 travers le monde et particuli\u00e8rement en R\u00e9publique de Guin\u00e9e.<\/p>\n<p>&nbsp;<\/p>\n","protected":false},"excerpt":{"rendered":"<p>Cour Supr\u00eame&nbsp;: Dans le cadre de la promotion de la d\u00e9mocratie et de l\u2019\u00c9tat de droit, un&nbsp;S\u00e9minaire de renforcement de capacit\u00e9s sur les questions relatives aux contentieux constitutionnel et r\u00e9f\u00e9rendaire a d\u00e9marr\u00e9 ce lundi 24 juin 2024 dans un r\u00e9ceptif h\u00f4telier (Maison Blanche, pr\u00e9fecture de Coyah, situ\u00e9 \u00e0 50 kilom\u00e8tres de Conakry, r\u00e9unissant des magistrats, greffiers, et autres membres de la Cour supr\u00eame et des juridictions environnantes. Ce s\u00e9minaire de quatre jours s\u2019est d\u00e9roul\u00e9 du 24 au 27 juin 2024 sous l&#8217;\u00e9gide de la Cour Supr\u00eame, avec le soutien de ECES-PARD financ\u00e9 par l\u2019Union europ\u00e9enne, en partenariat avec l\u2019Organisation internationale [&hellip;]<\/p>\n","protected":false},"author":1,"featured_media":1295,"comment_status":"closed","ping_status":"closed","sticky":false,"template":"","format":"standard","meta":{"tpgb_global_settings":"","ngg_post_thumbnail":0,"_jetpack_memberships_contains_paid_content":false,"footnotes":""},"categories":[1,14],"tags":[],"class_list":["post-1289","post","type-post","status-publish","format-standard","has-post-thumbnail","hentry","category-actualites","category-seminaires-et-colloques"],"jetpack_featured_media_url":"https:\/\/i0.wp.com\/coursupreme.org.gn\/wp-content\/uploads\/2024\/07\/Seminaire-de-renforcement-de-capacites-sur-les-questions-relatives-aux-contencieux-constitutionnel-et-referendaire.webp?fit=1000%2C600&ssl=1","tpgb_featured_images":{"full":["https:\/\/i0.wp.com\/coursupreme.org.gn\/wp-content\/uploads\/2024\/07\/Seminaire-de-renforcement-de-capacites-sur-les-questions-relatives-aux-contencieux-constitutionnel-et-referendaire.webp?fit=1000%2C600&ssl=1",1000,600,false],"tp-image-grid":["https:\/\/i0.wp.com\/coursupreme.org.gn\/wp-content\/uploads\/2024\/07\/Seminaire-de-renforcement-de-capacites-sur-les-questions-relatives-aux-contencieux-constitutionnel-et-referendaire.webp?resize=700%2C600&ssl=1",700,600,true],"thumbnail":["https:\/\/i0.wp.com\/coursupreme.org.gn\/wp-content\/uploads\/2024\/07\/Seminaire-de-renforcement-de-capacites-sur-les-questions-relatives-aux-contencieux-constitutionnel-et-referendaire.webp?resize=150%2C150&ssl=1",150,150,true],"medium":["https:\/\/i0.wp.com\/coursupreme.org.gn\/wp-content\/uploads\/2024\/07\/Seminaire-de-renforcement-de-capacites-sur-les-questions-relatives-aux-contencieux-constitutionnel-et-referendaire.webp?fit=300%2C180&ssl=1",300,180,true],"medium_large":["https:\/\/i0.wp.com\/coursupreme.org.gn\/wp-content\/uploads\/2024\/07\/Seminaire-de-renforcement-de-capacites-sur-les-questions-relatives-aux-contencieux-constitutionnel-et-referendaire.webp?fit=768%2C461&ssl=1",768,461,true],"large":["https:\/\/i0.wp.com\/coursupreme.org.gn\/wp-content\/uploads\/2024\/07\/Seminaire-de-renforcement-de-capacites-sur-les-questions-relatives-aux-contencieux-constitutionnel-et-referendaire.webp?fit=1000%2C600&ssl=1",1000,600,true],"default":"https:\/\/coursupreme.org.gn\/wp-content\/plugins\/the-plus-addons-for-block-editor\/assets\/images\/tpgb-placeholder.jpg"},"tpgb_post_meta_info":{"get_date":"10 juillet 2024","get_modified_date":"27 juillet 2024","category_list":{"category":[{"term_id":1,"name":"Actualit\u00e9s","slug":"actualites","term_group":0,"term_taxonomy_id":1,"taxonomy":"category","description":"","parent":0,"count":30,"filter":"raw"},{"term_id":14,"name":"S\u00e9minaires et colloques","slug":"seminaires-et-colloques","term_group":0,"term_taxonomy_id":14,"taxonomy":"category","description":"","parent":0,"count":12,"filter":"raw"}],"post_tag":false,"post_format":false},"author_name":"coursup001","author_url":"https:\/\/coursupreme.org.gn\/fr\/author\/coursup001\/","author_email":"admin@coursupreme.org.gn","author_website":"https:\/\/coursupreme.org.gn","author_description":"","author_facebook":"","author_twitter":"","author_instagram":"","author_role":["administrator"],"author_firstname":"","author_lastname":"","user_login":"coursup001","author_avatar":"<img alt='' src='https:\/\/secure.gravatar.com\/avatar\/fb5174ba16fc92604ba38ba91221b56765a3bd57d0b7999d5bd072ab0634059d?s=200&#038;d=mm&#038;r=g' srcset='https:\/\/secure.gravatar.com\/avatar\/fb5174ba16fc92604ba38ba91221b56765a3bd57d0b7999d5bd072ab0634059d?s=400&#038;d=mm&#038;r=g 2x' class='avatar avatar-200 photo' height='200' width='200' decoding='async'\/>","author_avatar_url":"https:\/\/secure.gravatar.com\/avatar\/fb5174ba16fc92604ba38ba91221b56765a3bd57d0b7999d5bd072ab0634059d?s=96&d=mm&r=g","comment_count":0,"post_likes":0,"post_views":0},"tpgb_post_category":{"category":"<a href=\"https:\/\/coursupreme.org.gn\/fr\/category\/actualites\/\" alt=\"Actualit\u00e9s\"  class=\"category-actualites\">Actualit\u00e9s<\/a> <a href=\"https:\/\/coursupreme.org.gn\/fr\/category\/seminaires-et-colloques\/\" alt=\"S\u00e9minaires et colloques\"  class=\"category-seminaires-et-colloques\">S\u00e9minaires et colloques<\/a> "},"jetpack_sharing_enabled":true,"_links":{"self":[{"href":"https:\/\/coursupreme.org.gn\/fr\/wp-json\/wp\/v2\/posts\/1289","targetHints":{"allow":["GET"]}}],"collection":[{"href":"https:\/\/coursupreme.org.gn\/fr\/wp-json\/wp\/v2\/posts"}],"about":[{"href":"https:\/\/coursupreme.org.gn\/fr\/wp-json\/wp\/v2\/types\/post"}],"author":[{"embeddable":true,"href":"https:\/\/coursupreme.org.gn\/fr\/wp-json\/wp\/v2\/users\/1"}],"replies":[{"embeddable":true,"href":"https:\/\/coursupreme.org.gn\/fr\/wp-json\/wp\/v2\/comments?post=1289"}],"version-history":[{"count":5,"href":"https:\/\/coursupreme.org.gn\/fr\/wp-json\/wp\/v2\/posts\/1289\/revisions"}],"predecessor-version":[{"id":1294,"href":"https:\/\/coursupreme.org.gn\/fr\/wp-json\/wp\/v2\/posts\/1289\/revisions\/1294"}],"wp:featuredmedia":[{"embeddable":true,"href":"https:\/\/coursupreme.org.gn\/fr\/wp-json\/wp\/v2\/media\/1295"}],"wp:attachment":[{"href":"https:\/\/coursupreme.org.gn\/fr\/wp-json\/wp\/v2\/media?parent=1289"}],"wp:term":[{"taxonomy":"category","embeddable":true,"href":"https:\/\/coursupreme.org.gn\/fr\/wp-json\/wp\/v2\/categories?post=1289"},{"taxonomy":"post_tag","embeddable":true,"href":"https:\/\/coursupreme.org.gn\/fr\/wp-json\/wp\/v2\/tags?post=1289"}],"curies":[{"name":"wp","href":"https:\/\/api.w.org\/{rel}","templated":true}]}}