{"id":2348,"date":"2025-06-12T17:06:24","date_gmt":"2025-06-12T17:06:24","guid":{"rendered":"https:\/\/coursupreme.org.gn\/?p=2348"},"modified":"2025-06-12T17:06:24","modified_gmt":"2025-06-12T17:06:24","slug":"seminaire-sur-le-contentieux-constitutionnel-referendaire-et-la-redaction-des-arrets-un-levier-strategique-pour-la-transition-en-guinee","status":"publish","type":"post","link":"https:\/\/coursupreme.org.gn\/en\/seminaire-sur-le-contentieux-constitutionnel-referendaire-et-la-redaction-des-arrets-un-levier-strategique-pour-la-transition-en-guinee\/","title":{"rendered":"S\u00e9minaire sur le contentieux constitutionnel r\u00e9f\u00e9rendaire et la r\u00e9daction des arr\u00eats : un levier strat\u00e9gique pour la transition en Guin\u00e9e"},"content":{"rendered":"<p style=\"text-align: justify;\"><strong>S\u00e9minaire sur le contentieux constitutionnel r\u00e9f\u00e9rendaire et la r\u00e9daction des arr\u00eats : un levier strat\u00e9gique pour la transition en Guin\u00e9e<\/strong><\/p>\n<p style=\"text-align: justify;\"><strong>Conakry, lundi 12 mai 2025<\/strong> \u2013 Dans le cadre de la transition politique en cours, marqu\u00e9e par une volont\u00e9 affirm\u00e9e de refondation institutionnelle, la R\u00e9publique de Guin\u00e9e poursuit ses efforts pour renforcer l&#8217;\u00c9tat de droit. C\u2019est dans cette dynamique que le Garde des Sceaux, ministre de la Justice et des Droits de l\u2019Homme, Monsieur Yaya Kairaba KABA, a proc\u00e9d\u00e9 \u00e0 l\u2019ouverture officielle d\u2019un s\u00e9minaire de renforcement des capacit\u00e9s, d\u00e9di\u00e9 au contentieux constitutionnel r\u00e9f\u00e9rendaire et \u00e0 la r\u00e9daction des arr\u00eats juridictionnels.<\/p>\n<p style=\"text-align: justify;\">Organis\u00e9 par la Cour supr\u00eame de Guin\u00e9e, avec le soutien technique et financier de <strong>l\u2019Organisation internationale de la Francophonie (OIF), de l\u2019Union europ\u00e9enne<\/strong> via <strong>le<\/strong> <strong>Centre europ\u00e9en d\u2019Appui \u00e9lectoral (ECES)<\/strong>, ainsi que du <strong>Projet d\u2019Appui au Renforcement de la D\u00e9mocratie en Guin\u00e9e (PARD)<\/strong>, ce s\u00e9minaire s\u2019inscrit dans les pr\u00e9paratifs du r\u00e9f\u00e9rendum constitutionnel \u00e0 venir.<\/p>\n<p style=\"text-align: justify;\">L\u2019\u00e9v\u00e9nement a r\u00e9uni un panel diversifi\u00e9 de participants, incluant les magistrats de la Cour supr\u00eame, les pr\u00e9sidents et procureurs des juridictions, des membres du Barreau, des repr\u00e9sentants du Conseil national de la Transition, ainsi que des greffiers et cadres judiciaires.<\/p>\n<p><img data-recalc-dims=\"1\" fetchpriority=\"high\" decoding=\"async\" class=\"alignnone size-large wp-image-2352\" src=\"https:\/\/i0.wp.com\/coursupreme.org.gn\/wp-content\/uploads\/2025\/06\/IMG2.jpg?resize=1024%2C576&#038;ssl=1\" alt=\"\" width=\"1024\" height=\"576\" srcset=\"https:\/\/i0.wp.com\/coursupreme.org.gn\/wp-content\/uploads\/2025\/06\/IMG2.jpg?resize=1024%2C576&amp;ssl=1 1024w, https:\/\/i0.wp.com\/coursupreme.org.gn\/wp-content\/uploads\/2025\/06\/IMG2.jpg?resize=300%2C169&amp;ssl=1 300w, https:\/\/i0.wp.com\/coursupreme.org.gn\/wp-content\/uploads\/2025\/06\/IMG2.jpg?resize=768%2C432&amp;ssl=1 768w, https:\/\/i0.wp.com\/coursupreme.org.gn\/wp-content\/uploads\/2025\/06\/IMG2.jpg?resize=18%2C10&amp;ssl=1 18w, https:\/\/i0.wp.com\/coursupreme.org.gn\/wp-content\/uploads\/2025\/06\/IMG2.jpg?resize=400%2C225&amp;ssl=1 400w, https:\/\/i0.wp.com\/coursupreme.org.gn\/wp-content\/uploads\/2025\/06\/IMG2.jpg?w=1080&amp;ssl=1 1080w\" sizes=\"(max-width: 1024px) 100vw, 1024px\" \/><\/p>\n<p style=\"text-align: justify;\"><strong>Objectifs et axes de formation<\/strong><\/p>\n<p style=\"text-align: justify;\">Ce s\u00e9minaire visait \u00e0 consolider les comp\u00e9tences juridiques et techniques des acteurs judiciaires en mati\u00e8re de contentieux constitutionnel li\u00e9 aux r\u00e9f\u00e9rendums, tout en perfectionnant leurs capacit\u00e9s de r\u00e9daction d\u2019arr\u00eats conformes aux standards internationaux.<\/p>\n<p style=\"text-align: justify;\">Les \u00e9changes ont port\u00e9 notamment sur :<\/p>\n<ul style=\"text-align: justify;\">\n<li>Les fondements du contentieux constitutionnel r\u00e9f\u00e9rendaire ;<\/li>\n<li>Les techniques de r\u00e9daction juridictionnelle ;<\/li>\n<li>Le r\u00f4le des institutions judiciaires dans les processus r\u00e9f\u00e9rendaires.<\/li>\n<\/ul>\n<p style=\"text-align: justify;\"><strong>Un renforcement strat\u00e9gique de la magistrature<\/strong><\/p>\n<p style=\"text-align: justify;\">Destin\u00e9e principalement aux hauts magistrats, la formation a altern\u00e9 entre modules th\u00e9oriques et exercices pratiques. Elle a permis d\u2019explorer en profondeur le r\u00f4le des juridictions supr\u00eames en p\u00e9riode de transition, les principes directeurs du contentieux r\u00e9f\u00e9rendaire, les normes \u00e9lectorales internationales, ainsi que les exigences formelles et substantielles d\u2019une r\u00e9daction juridictionnelle rigoureuse et motiv\u00e9e.<\/p>\n<p style=\"text-align: justify;\"><strong>Vers une justice cr\u00e9dible et ind\u00e9pendante<\/strong><\/p>\n<p style=\"text-align: justify;\">Dans son allocution d\u2019ouverture, le ministre de la Justice a salu\u00e9 cette initiative comme un gage d\u2019engagement vers une justice impartiale et professionnelle. Il a soulign\u00e9 que \u00ab la r\u00e9ussite du processus r\u00e9f\u00e9rendaire repose en grande partie sur la capacit\u00e9 de nos institutions \u00e0 rendre des d\u00e9cisions \u00e9quitables, transparentes et motiv\u00e9es \u00bb. Il a \u00e9galement exprim\u00e9 sa reconnaissance aux partenaires internationaux pour leur accompagnement constant.<\/p>\n<p style=\"text-align: justify;\"><strong>Un socle pour la l\u00e9gitimit\u00e9 constitutionnelle<\/strong><\/p>\n<p style=\"text-align: justify;\">Ce s\u00e9minaire s\u2019inscrit dans un processus plus large de renforcement des institutions de l\u2019\u00c9tat. En dotant les magistrats des outils n\u00e9cessaires \u00e0 un traitement rigoureux des contentieux \u00e9lectoraux, il contribue \u00e0 asseoir la l\u00e9gitimit\u00e9 des futures institutions issues du r\u00e9f\u00e9rendum.<\/p>\n<p style=\"text-align: justify;\">Au-del\u00e0 de l\u2019aspect technique, cette rencontre traduit une volont\u00e9 ferme d\u2019\u00e9riger la justice en pilier de la d\u00e9mocratie et de la stabilit\u00e9. Elle rappelle qu\u2019aucune transition ne peut r\u00e9ussir sans une magistrature comp\u00e9tente, form\u00e9e et engag\u00e9e.<\/p>\n<p style=\"text-align: justify;\"><strong>Cl\u00f4ture et perspectives<\/strong><\/p>\n<p style=\"text-align: justify;\">La c\u00e9r\u00e9monie de cl\u00f4ture, pr\u00e9sid\u00e9e par le Pr\u00e9fet de Coyah, s\u2019est d\u00e9roul\u00e9e en pr\u00e9sence de Monsieur Cyril, Coordonnateur g\u00e9n\u00e9ral de l\u2019OIF, qui a salu\u00e9 l\u2019engagement des participants et r\u00e9it\u00e9r\u00e9 le soutien de l\u2019organisation \u00e0 la promotion de l\u2019\u00c9tat de droit et de la gouvernance d\u00e9mocratique en Guin\u00e9e.<\/p>\n<p><img data-recalc-dims=\"1\" decoding=\"async\" class=\"alignnone size-large wp-image-2351\" src=\"https:\/\/i0.wp.com\/coursupreme.org.gn\/wp-content\/uploads\/2025\/06\/IMG1.jpg?resize=1024%2C576&#038;ssl=1\" alt=\"\" width=\"1024\" height=\"576\" srcset=\"https:\/\/i0.wp.com\/coursupreme.org.gn\/wp-content\/uploads\/2025\/06\/IMG1.jpg?resize=1024%2C576&amp;ssl=1 1024w, https:\/\/i0.wp.com\/coursupreme.org.gn\/wp-content\/uploads\/2025\/06\/IMG1.jpg?resize=300%2C169&amp;ssl=1 300w, https:\/\/i0.wp.com\/coursupreme.org.gn\/wp-content\/uploads\/2025\/06\/IMG1.jpg?resize=768%2C432&amp;ssl=1 768w, https:\/\/i0.wp.com\/coursupreme.org.gn\/wp-content\/uploads\/2025\/06\/IMG1.jpg?resize=18%2C10&amp;ssl=1 18w, https:\/\/i0.wp.com\/coursupreme.org.gn\/wp-content\/uploads\/2025\/06\/IMG1.jpg?resize=400%2C225&amp;ssl=1 400w, https:\/\/i0.wp.com\/coursupreme.org.gn\/wp-content\/uploads\/2025\/06\/IMG1.jpg?w=1080&amp;ssl=1 1080w\" sizes=\"(max-width: 1024px) 100vw, 1024px\" \/><\/p>","protected":false},"excerpt":{"rendered":"<p>S\u00e9minaire sur le contentieux constitutionnel r\u00e9f\u00e9rendaire et la r\u00e9daction des arr\u00eats : un levier strat\u00e9gique pour la transition en Guin\u00e9e Conakry, lundi 12 mai 2025 \u2013 Dans le cadre de la transition politique en cours, marqu\u00e9e par une volont\u00e9 affirm\u00e9e de refondation institutionnelle, la R\u00e9publique de Guin\u00e9e poursuit ses efforts pour renforcer l&#8217;\u00c9tat de droit. C\u2019est dans cette dynamique que le Garde des Sceaux, ministre de la Justice et des Droits de l\u2019Homme, Monsieur Yaya Kairaba KABA, a proc\u00e9d\u00e9 \u00e0 l\u2019ouverture officielle d\u2019un s\u00e9minaire de renforcement des capacit\u00e9s, d\u00e9di\u00e9 au contentieux constitutionnel r\u00e9f\u00e9rendaire et \u00e0 la r\u00e9daction des arr\u00eats juridictionnels. [&hellip;]<\/p>\n","protected":false},"author":4,"featured_media":2350,"comment_status":"closed","ping_status":"closed","sticky":false,"template":"","format":"standard","meta":{"tpgb_global_settings":"","ngg_post_thumbnail":0,"_jetpack_memberships_contains_paid_content":false,"footnotes":""},"categories":[1,14],"tags":[],"class_list":["post-2348","post","type-post","status-publish","format-standard","has-post-thumbnail","hentry","category-actualites","category-seminaires-et-colloques"],"jetpack_featured_media_url":"https:\/\/i0.wp.com\/coursupreme.org.gn\/wp-content\/uploads\/2025\/06\/IMG.jpg?fit=1080%2C608&ssl=1","tpgb_featured_images":{"full":["https:\/\/i0.wp.com\/coursupreme.org.gn\/wp-content\/uploads\/2025\/06\/IMG.jpg?fit=1080%2C608&ssl=1",1080,608,false],"tp-image-grid":["https:\/\/i0.wp.com\/coursupreme.org.gn\/wp-content\/uploads\/2025\/06\/IMG.jpg?resize=700%2C608&ssl=1",700,608,true],"thumbnail":["https:\/\/i0.wp.com\/coursupreme.org.gn\/wp-content\/uploads\/2025\/06\/IMG.jpg?resize=150%2C150&ssl=1",150,150,true],"medium":["https:\/\/i0.wp.com\/coursupreme.org.gn\/wp-content\/uploads\/2025\/06\/IMG.jpg?fit=300%2C169&ssl=1",300,169,true],"medium_large":["https:\/\/i0.wp.com\/coursupreme.org.gn\/wp-content\/uploads\/2025\/06\/IMG.jpg?fit=768%2C432&ssl=1",768,432,true],"large":["https:\/\/i0.wp.com\/coursupreme.org.gn\/wp-content\/uploads\/2025\/06\/IMG.jpg?fit=1024%2C576&ssl=1",1024,576,true],"default":"https:\/\/coursupreme.org.gn\/wp-content\/plugins\/the-plus-addons-for-block-editor\/assets\/images\/tpgb-placeholder.jpg"},"tpgb_post_meta_info":{"get_date":"June 12, 2025","get_modified_date":"June 12, 2025","category_list":{"category":[{"term_id":1,"name":"Actualit\u00e9s","slug":"actualites","term_group":0,"term_taxonomy_id":1,"taxonomy":"category","description":"","parent":0,"count":30,"filter":"raw"},{"term_id":14,"name":"S\u00e9minaires et colloques","slug":"seminaires-et-colloques","term_group":0,"term_taxonomy_id":14,"taxonomy":"category","description":"","parent":0,"count":12,"filter":"raw"}],"post_tag":false,"post_format":false},"author_name":"Amadou Diallo","author_url":"https:\/\/coursupreme.org.gn\/en\/author\/dialload\/","author_email":"dialloamadou@coursupreme.org.gn","author_website":"","author_description":"","author_facebook":"","author_twitter":"","author_instagram":"","author_role":["administrator"],"author_firstname":"Amadou","author_lastname":"Diallo","user_login":"dialload","author_avatar":"<img alt='' src='https:\/\/secure.gravatar.com\/avatar\/ad4a5cbf9a2492b709de97e1ef31cc874bd7372a83448655b84663c2b22a8613?s=200&#038;d=mm&#038;r=g' srcset='https:\/\/secure.gravatar.com\/avatar\/ad4a5cbf9a2492b709de97e1ef31cc874bd7372a83448655b84663c2b22a8613?s=400&#038;d=mm&#038;r=g 2x' class='avatar avatar-200 photo' height='200' width='200' decoding='async'\/>","author_avatar_url":"https:\/\/secure.gravatar.com\/avatar\/ad4a5cbf9a2492b709de97e1ef31cc874bd7372a83448655b84663c2b22a8613?s=96&d=mm&r=g","comment_count":0,"post_likes":0,"post_views":0},"tpgb_post_category":{"category":"<a href=\"https:\/\/coursupreme.org.gn\/en\/category\/actualites\/\" alt=\"Actualit\u00e9s\"  class=\"category-actualites\">Actualit\u00e9s<\/a> <a href=\"https:\/\/coursupreme.org.gn\/en\/category\/seminaires-et-colloques\/\" alt=\"S\u00e9minaires et colloques\"  class=\"category-seminaires-et-colloques\">S\u00e9minaires et colloques<\/a> "},"jetpack_sharing_enabled":true,"_links":{"self":[{"href":"https:\/\/coursupreme.org.gn\/en\/wp-json\/wp\/v2\/posts\/2348","targetHints":{"allow":["GET"]}}],"collection":[{"href":"https:\/\/coursupreme.org.gn\/en\/wp-json\/wp\/v2\/posts"}],"about":[{"href":"https:\/\/coursupreme.org.gn\/en\/wp-json\/wp\/v2\/types\/post"}],"author":[{"embeddable":true,"href":"https:\/\/coursupreme.org.gn\/en\/wp-json\/wp\/v2\/users\/4"}],"replies":[{"embeddable":true,"href":"https:\/\/coursupreme.org.gn\/en\/wp-json\/wp\/v2\/comments?post=2348"}],"version-history":[{"count":2,"href":"https:\/\/coursupreme.org.gn\/en\/wp-json\/wp\/v2\/posts\/2348\/revisions"}],"predecessor-version":[{"id":2354,"href":"https:\/\/coursupreme.org.gn\/en\/wp-json\/wp\/v2\/posts\/2348\/revisions\/2354"}],"wp:featuredmedia":[{"embeddable":true,"href":"https:\/\/coursupreme.org.gn\/en\/wp-json\/wp\/v2\/media\/2350"}],"wp:attachment":[{"href":"https:\/\/coursupreme.org.gn\/en\/wp-json\/wp\/v2\/media?parent=2348"}],"wp:term":[{"taxonomy":"category","embeddable":true,"href":"https:\/\/coursupreme.org.gn\/en\/wp-json\/wp\/v2\/categories?post=2348"},{"taxonomy":"post_tag","embeddable":true,"href":"https:\/\/coursupreme.org.gn\/en\/wp-json\/wp\/v2\/tags?post=2348"}],"curies":[{"name":"wp","href":"https:\/\/api.w.org\/{rel}","templated":true}]}}